{"id":382,"date":"2024-06-03T09:18:44","date_gmt":"2024-06-03T07:18:44","guid":{"rendered":"https:\/\/cpmurchante.educacion.navarra.es\/web\/?p=382"},"modified":"2024-06-03T09:32:26","modified_gmt":"2024-06-03T07:32:26","slug":"orden-foral-49-2013-de-21-de-mayo-del-consejero-de-educacion-por-la-que-se-establece-el-sistema-de-reclamaciones-en-el-proceso-de-evaluacion-al-alumnado-de-ensenanzas-no-universitarias-impartidas-e","status":"publish","type":"post","link":"https:\/\/cpmurchante.educacion.navarra.es\/web\/blog\/2024\/06\/03\/orden-foral-49-2013-de-21-de-mayo-del-consejero-de-educacion-por-la-que-se-establece-el-sistema-de-reclamaciones-en-el-proceso-de-evaluacion-al-alumnado-de-ensenanzas-no-universitarias-impartidas-e\/","title":{"rendered":"ORDEN FORAL 49\/2013, DE 21 DE MAYO, DEL CONSEJERO DE EDUCACI\u00d3N, POR LA QUE SE ESTABLECE EL SISTEMA DE RECLAMACIONES EN EL PROCESO DE EVALUACI\u00d3N AL ALUMNADO DE ENSE\u00d1ANZAS NO UNIVERSITARIAS IMPARTIDAS EN LOS CENTROS EDUCATIVOS DE LA COMUNIDAD FORAL DE NAVARRA"},"content":{"rendered":"\n<p><a href=\"https:\/\/www.lexnavarra.navarra.es\/detalle.asp?r=32119\">ORDEN FORAL 49\/2013, DE 21 DE MAYO, DEL CONSEJERO DE EDUCACI\u00d3N, POR LA QUE SE ESTABLECE EL SISTEMA DE RECLAMACIONES EN EL PROCESO DE EVALUACI\u00d3N AL ALUMNADO DE ENSE\u00d1ANZAS NO UNIVERSITARIAS IMPARTIDAS EN LOS CENTROS EDUCATIVOS DE LA COMUNIDAD FORAL DE NAVARRA<\/a><br><\/p>\n","protected":false},"excerpt":{"rendered":"<p>ORDEN FORAL 49\/2013, DE 21 DE MAYO, DEL CONSEJERO DE EDUCACI\u00d3N, POR LA QUE SE ESTABLECE EL SISTEMA DE RECLAMACIONES EN EL PROCESO DE EVALUACI\u00d3N AL ALUMNADO DE ENSE\u00d1ANZAS NO UNIVERSITARIAS IMPARTIDAS EN LOS CENTROS EDUCATIVOS DE LA COMUNIDAD FORAL DE NAVARRA<\/p>\n","protected":false},"author":1,"featured_media":0,"comment_status":"open","ping_status":"open","sticky":true,"template":"","format":"standard","meta":[],"categories":[3,1],"tags":[],"_links":{"self":[{"href":"https:\/\/cpmurchante.educacion.navarra.es\/web\/wp-json\/wp\/v2\/posts\/382"}],"collection":[{"href":"https:\/\/cpmurchante.educacion.navarra.es\/web\/wp-json\/wp\/v2\/posts"}],"about":[{"href":"https:\/\/cpmurchante.educacion.navarra.es\/web\/wp-json\/wp\/v2\/types\/post"}],"author":[{"embeddable":true,"href":"https:\/\/cpmurchante.educacion.navarra.es\/web\/wp-json\/wp\/v2\/users\/1"}],"replies":[{"embeddable":true,"href":"https:\/\/cpmurchante.educacion.navarra.es\/web\/wp-json\/wp\/v2\/comments?post=382"}],"version-history":[{"count":2,"href":"https:\/\/cpmurchante.educacion.navarra.es\/web\/wp-json\/wp\/v2\/posts\/382\/revisions"}],"predecessor-version":[{"id":385,"href":"https:\/\/cpmurchante.educacion.navarra.es\/web\/wp-json\/wp\/v2\/posts\/382\/revisions\/385"}],"wp:attachment":[{"href":"https:\/\/cpmurchante.educacion.navarra.es\/web\/wp-json\/wp\/v2\/media?parent=382"}],"wp:term":[{"taxonomy":"category","embeddable":true,"href":"https:\/\/cpmurchante.educacion.navarra.es\/web\/wp-json\/wp\/v2\/categories?post=382"},{"taxonomy":"post_tag","embeddable":true,"href":"https:\/\/cpmurchante.educacion.navarra.es\/web\/wp-json\/wp\/v2\/tags?post=382"}],"curies":[{"name":"wp","href":"https:\/\/api.w.org\/{rel}","templated":true}]}}