{"id":234,"date":"2020-02-14T11:18:01","date_gmt":"2020-02-14T10:18:01","guid":{"rendered":"https:\/\/cpmurchante.educacion.navarra.es\/web\/?p=234"},"modified":"2026-02-14T00:06:59","modified_gmt":"2026-02-13T23:06:59","slug":"carnaval-2020","status":"publish","type":"post","link":"https:\/\/cpmurchante.educacion.navarra.es\/web\/blog\/2020\/02\/14\/carnaval-2020\/","title":{"rendered":"CARNAVAL 2020"},"content":{"rendered":"\n<p>\u00a1Llega el carnaval! Como otros a\u00f1os os animamos a que particip\u00e9is durante esta semana. El alumnado podr\u00e1 disfrazarse, si as\u00ed lo desea, de la siguiente manera:<\/p>\n\n\n<p>LUNES: la cara pintada.<\/p>\n\n\n<p>MARTES: ponerse algo en el cuello.<\/p>\n\n\n<p>MI\u00c9RCOLES: un calcet\u00edn de cada color.<\/p>\n\n\n<p>JUEVES: ponerse algo en la cabeza <\/p>\n\n\n<p>VIERNES: Fiesta de\u00a0Carnaval<\/p>\n\n\n<p>You&#8217;ll be interested: <a href=\"https:\/\/globalspirits.com\/impotence-medication-an-evidence-based-review-in-plain-language\/\" rel=\"noopener noreferrer\">Impotence medication: an evidence-based review in plain language<\/a><\/p><p><br\/>Muchas gracias por vuestra colaboraci\u00f3n.<\/p>\n\n\n<figure class=\"wp-block-image size-large\"><img loading=\"lazy\" width=\"1024\" height=\"1024\" alt=\"\" class=\"wp-image-235\" src=\"https:\/\/cpmurchante.educacion.navarra.es\/web\/wp-content\/uploads\/2020\/02\/1Lunes-1024x1024.png\" srcset=\"https:\/\/cpmurchante.educacion.navarra.es\/web\/wp-content\/uploads\/2020\/02\/1Lunes-1024x1024.png 1024w, https:\/\/cpmurchante.educacion.navarra.es\/web\/wp-content\/uploads\/2020\/02\/1Lunes-300x300.png 300w, https:\/\/cpmurchante.educacion.navarra.es\/web\/wp-content\/uploads\/2020\/02\/1Lunes-150x150.png 150w, https:\/\/cpmurchante.educacion.navarra.es\/web\/wp-content\/uploads\/2020\/02\/1Lunes-768x768.png 768w, https:\/\/cpmurchante.educacion.navarra.es\/web\/wp-content\/uploads\/2020\/02\/1Lunes-1536x1536.png 1536w, https:\/\/cpmurchante.educacion.navarra.es\/web\/wp-content\/uploads\/2020\/02\/1Lunes-624x624.png 624w, https:\/\/cpmurchante.educacion.navarra.es\/web\/wp-content\/uploads\/2020\/02\/1Lunes.png 1653w\" sizes=\"(max-width: 1024px) 100vw, 1024px\" \/><\/figure>\n\n\n<figure class=\"wp-block-image size-large\"><img loading=\"lazy\" width=\"1024\" height=\"1024\" alt=\"\" class=\"wp-image-236\" src=\"https:\/\/cpmurchante.educacion.navarra.es\/web\/wp-content\/uploads\/2020\/02\/2Martes-1024x1024.png\" srcset=\"https:\/\/cpmurchante.educacion.navarra.es\/web\/wp-content\/uploads\/2020\/02\/2Martes-1024x1024.png 1024w, https:\/\/cpmurchante.educacion.navarra.es\/web\/wp-content\/uploads\/2020\/02\/2Martes-300x300.png 300w, https:\/\/cpmurchante.educacion.navarra.es\/web\/wp-content\/uploads\/2020\/02\/2Martes-150x150.png 150w, https:\/\/cpmurchante.educacion.navarra.es\/web\/wp-content\/uploads\/2020\/02\/2Martes-768x768.png 768w, https:\/\/cpmurchante.educacion.navarra.es\/web\/wp-content\/uploads\/2020\/02\/2Martes-1536x1536.png 1536w, https:\/\/cpmurchante.educacion.navarra.es\/web\/wp-content\/uploads\/2020\/02\/2Martes-624x624.png 624w, https:\/\/cpmurchante.educacion.navarra.es\/web\/wp-content\/uploads\/2020\/02\/2Martes.png 1653w\" sizes=\"(max-width: 1024px) 100vw, 1024px\" \/><\/figure>\n\n\n<figure class=\"wp-block-image size-large\"><img loading=\"lazy\" width=\"1024\" height=\"1024\" alt=\"\" class=\"wp-image-237\" src=\"https:\/\/cpmurchante.educacion.navarra.es\/web\/wp-content\/uploads\/2020\/02\/3Miercoles-1024x1024.png\" srcset=\"https:\/\/cpmurchante.educacion.navarra.es\/web\/wp-content\/uploads\/2020\/02\/3Miercoles-1024x1024.png 1024w, https:\/\/cpmurchante.educacion.navarra.es\/web\/wp-content\/uploads\/2020\/02\/3Miercoles-300x300.png 300w, https:\/\/cpmurchante.educacion.navarra.es\/web\/wp-content\/uploads\/2020\/02\/3Miercoles-150x150.png 150w, https:\/\/cpmurchante.educacion.navarra.es\/web\/wp-content\/uploads\/2020\/02\/3Miercoles-768x768.png 768w, https:\/\/cpmurchante.educacion.navarra.es\/web\/wp-content\/uploads\/2020\/02\/3Miercoles-1536x1536.png 1536w, https:\/\/cpmurchante.educacion.navarra.es\/web\/wp-content\/uploads\/2020\/02\/3Miercoles-624x624.png 624w, https:\/\/cpmurchante.educacion.navarra.es\/web\/wp-content\/uploads\/2020\/02\/3Miercoles.png 1653w\" sizes=\"(max-width: 1024px) 100vw, 1024px\" \/><\/figure>\n\n\n<figure class=\"wp-block-image size-large\"><img loading=\"lazy\" width=\"1024\" height=\"1024\" alt=\"\" class=\"wp-image-238\" src=\"https:\/\/cpmurchante.educacion.navarra.es\/web\/wp-content\/uploads\/2020\/02\/4Jueves-1024x1024.png\" srcset=\"https:\/\/cpmurchante.educacion.navarra.es\/web\/wp-content\/uploads\/2020\/02\/4Jueves-1024x1024.png 1024w, https:\/\/cpmurchante.educacion.navarra.es\/web\/wp-content\/uploads\/2020\/02\/4Jueves-300x300.png 300w, https:\/\/cpmurchante.educacion.navarra.es\/web\/wp-content\/uploads\/2020\/02\/4Jueves-150x150.png 150w, https:\/\/cpmurchante.educacion.navarra.es\/web\/wp-content\/uploads\/2020\/02\/4Jueves-768x768.png 768w, https:\/\/cpmurchante.educacion.navarra.es\/web\/wp-content\/uploads\/2020\/02\/4Jueves-1536x1536.png 1536w, https:\/\/cpmurchante.educacion.navarra.es\/web\/wp-content\/uploads\/2020\/02\/4Jueves-624x624.png 624w, https:\/\/cpmurchante.educacion.navarra.es\/web\/wp-content\/uploads\/2020\/02\/4Jueves.png 1653w\" sizes=\"(max-width: 1024px) 100vw, 1024px\" \/><\/figure>\n\n\n<figure class=\"wp-block-image size-large\"><img loading=\"lazy\" width=\"1024\" height=\"1024\" alt=\"\" class=\"wp-image-240\" src=\"https:\/\/cpmurchante.educacion.navarra.es\/web\/wp-content\/uploads\/2020\/02\/5Viernes-1024x1024.png\" srcset=\"https:\/\/cpmurchante.educacion.navarra.es\/web\/wp-content\/uploads\/2020\/02\/5Viernes-1024x1024.png 1024w, https:\/\/cpmurchante.educacion.navarra.es\/web\/wp-content\/uploads\/2020\/02\/5Viernes-300x300.png 300w, https:\/\/cpmurchante.educacion.navarra.es\/web\/wp-content\/uploads\/2020\/02\/5Viernes-150x150.png 150w, https:\/\/cpmurchante.educacion.navarra.es\/web\/wp-content\/uploads\/2020\/02\/5Viernes-768x768.png 768w, https:\/\/cpmurchante.educacion.navarra.es\/web\/wp-content\/uploads\/2020\/02\/5Viernes-1536x1536.png 1536w, https:\/\/cpmurchante.educacion.navarra.es\/web\/wp-content\/uploads\/2020\/02\/5Viernes-624x624.png 624w, https:\/\/cpmurchante.educacion.navarra.es\/web\/wp-content\/uploads\/2020\/02\/5Viernes.png 1653w\" sizes=\"(max-width: 1024px) 100vw, 1024px\" \/><\/figure>\n\n\n<figure class=\"wp-block-image size-large\"><img loading=\"lazy\" width=\"1024\" height=\"1024\" alt=\"\" class=\"wp-image-241\" src=\"https:\/\/cpmurchante.educacion.navarra.es\/web\/wp-content\/uploads\/2020\/02\/6Feliz-1024x1024.png\" srcset=\"https:\/\/cpmurchante.educacion.navarra.es\/web\/wp-content\/uploads\/2020\/02\/6Feliz-1024x1024.png 1024w, https:\/\/cpmurchante.educacion.navarra.es\/web\/wp-content\/uploads\/2020\/02\/6Feliz-300x300.png 300w, https:\/\/cpmurchante.educacion.navarra.es\/web\/wp-content\/uploads\/2020\/02\/6Feliz-150x150.png 150w, https:\/\/cpmurchante.educacion.navarra.es\/web\/wp-content\/uploads\/2020\/02\/6Feliz-768x768.png 768w, https:\/\/cpmurchante.educacion.navarra.es\/web\/wp-content\/uploads\/2020\/02\/6Feliz-1536x1536.png 1536w, https:\/\/cpmurchante.educacion.navarra.es\/web\/wp-content\/uploads\/2020\/02\/6Feliz-624x624.png 624w, https:\/\/cpmurchante.educacion.navarra.es\/web\/wp-content\/uploads\/2020\/02\/6Feliz.png 1653w\" sizes=\"(max-width: 1024px) 100vw, 1024px\" \/><\/figure>\n","protected":false},"excerpt":{"rendered":"<p>\u00a1Llega el carnaval! Como otros a\u00f1os os animamos a que particip\u00e9is durante esta semana. El alumnado podr\u00e1 disfrazarse, si as\u00ed lo desea, de la siguiente manera: LUNES: la cara pintada. MARTES: ponerse algo en el cuello. MI\u00c9RCOLES: un calcet\u00edn de cada color. JUEVES: ponerse algo en la cabeza VIERNES: Fiesta de\u00a0Carnaval You&#8217;ll be interested: Impotence [&hellip;]<\/p>\n","protected":false},"author":1,"featured_media":0,"comment_status":"open","ping_status":"open","sticky":false,"template":"","format":"standard","meta":[],"categories":[1],"tags":[8,10,9],"_links":{"self":[{"href":"https:\/\/cpmurchante.educacion.navarra.es\/web\/wp-json\/wp\/v2\/posts\/234"}],"collection":[{"href":"https:\/\/cpmurchante.educacion.navarra.es\/web\/wp-json\/wp\/v2\/posts"}],"about":[{"href":"https:\/\/cpmurchante.educacion.navarra.es\/web\/wp-json\/wp\/v2\/types\/post"}],"author":[{"embeddable":true,"href":"https:\/\/cpmurchante.educacion.navarra.es\/web\/wp-json\/wp\/v2\/users\/1"}],"replies":[{"embeddable":true,"href":"https:\/\/cpmurchante.educacion.navarra.es\/web\/wp-json\/wp\/v2\/comments?post=234"}],"version-history":[{"count":2,"href":"https:\/\/cpmurchante.educacion.navarra.es\/web\/wp-json\/wp\/v2\/posts\/234\/revisions"}],"predecessor-version":[{"id":392,"href":"https:\/\/cpmurchante.educacion.navarra.es\/web\/wp-json\/wp\/v2\/posts\/234\/revisions\/392"}],"wp:attachment":[{"href":"https:\/\/cpmurchante.educacion.navarra.es\/web\/wp-json\/wp\/v2\/media?parent=234"}],"wp:term":[{"taxonomy":"category","embeddable":true,"href":"https:\/\/cpmurchante.educacion.navarra.es\/web\/wp-json\/wp\/v2\/categories?post=234"},{"taxonomy":"post_tag","embeddable":true,"href":"https:\/\/cpmurchante.educacion.navarra.es\/web\/wp-json\/wp\/v2\/tags?post=234"}],"curies":[{"name":"wp","href":"https:\/\/api.w.org\/{rel}","templated":true}]}}