{"id":144,"date":"2019-11-07T12:25:10","date_gmt":"2019-11-07T11:25:10","guid":{"rendered":"https:\/\/cpmurchante.educacion.navarra.es\/web\/?p=144"},"modified":"2019-11-07T12:25:10","modified_gmt":"2019-11-07T11:25:10","slug":"elecciones-consejo-escolar","status":"publish","type":"post","link":"https:\/\/cpmurchante.educacion.navarra.es\/web\/blog\/2019\/11\/07\/elecciones-consejo-escolar\/","title":{"rendered":"Elecciones Consejo Escolar"},"content":{"rendered":"\n<p>Se va a proceder a completar el\u00a0\u00a0CONSEJO ESCOLAR\u00a0del colegio, ya que existe una vacante en el sector de las familias. Seg\u00fan\u00a0 la Resoluci\u00f3n 71\/2019, de 7 de octubre,  por la que se aprueban las instrucciones para la renovaci\u00f3n y constituci\u00f3n de los Consejos Escolares en Navarra, estas ser\u00edan las fechas del proceso para cubrir dicha vacante:<\/p>\n\n\n\n<p><\/p>\n\n\n\n<table class=\"wp-block-table\"><tbody><tr><td><strong>ACTOS<\/strong><\/td><td><strong>FECHAS<\/strong><\/td><\/tr><tr><td>JUNTA ELECTORAL<br>Directora<br>Profesor\/a<br>Padre\/madre <br><\/td><td>6-11-19<\/td><\/tr><tr><td>MESA ELECTORAL SECTOR FAMILIAS<br>Directora<br>4 padres\/madres (sorteo)<\/td><td>6-11-19<\/td><\/tr><tr><td>ADMISI\u00d3N DE CANDIDATURAS<\/td><td>Del 7 al 12 de                  noviembre de 2019                                                                        <\/td><\/tr><tr><td>LISTADO DE CANDIDATOS\/AS<\/td><td>13 de noviembre,           2019                                                   <\/td><\/tr><tr><td>Cuando el n\u00famero de candidatos o candidatas sea igual al n\u00famero de vacantes, ser\u00e1n proclamados\/as autom\u00e1ticamente por la Junta electoral.En caso de que haya m\u00e1s      candidatos\/as o si no se presenta nadie, habr\u00e1 que realizar una votaci\u00f3n.                                                         <br>Votaci\u00f3n 22 de Noviembre de 2019                                                                                              <\/td><\/tr><\/tbody><\/table>\n\n\n\n<p>\u00a0Os animamos a presentaros, ya que el Consejo Escolar es un \u00f3rgano muy importante del centro en el que la participaci\u00f3n de las familias es fundamental.<\/p>\n","protected":false},"excerpt":{"rendered":"<p>Se va a proceder a completar el\u00a0\u00a0CONSEJO ESCOLAR\u00a0del colegio, ya que existe una vacante en el sector de las familias. Seg\u00fan\u00a0 la Resoluci\u00f3n 71\/2019, de 7 de octubre, por la que se aprueban las instrucciones para la renovaci\u00f3n y constituci\u00f3n de los Consejos Escolares en Navarra, estas ser\u00edan las fechas del proceso para cubrir dicha [&hellip;]<\/p>\n","protected":false},"author":1,"featured_media":0,"comment_status":"open","ping_status":"open","sticky":false,"template":"","format":"standard","meta":[],"categories":[1],"tags":[],"_links":{"self":[{"href":"https:\/\/cpmurchante.educacion.navarra.es\/web\/wp-json\/wp\/v2\/posts\/144"}],"collection":[{"href":"https:\/\/cpmurchante.educacion.navarra.es\/web\/wp-json\/wp\/v2\/posts"}],"about":[{"href":"https:\/\/cpmurchante.educacion.navarra.es\/web\/wp-json\/wp\/v2\/types\/post"}],"author":[{"embeddable":true,"href":"https:\/\/cpmurchante.educacion.navarra.es\/web\/wp-json\/wp\/v2\/users\/1"}],"replies":[{"embeddable":true,"href":"https:\/\/cpmurchante.educacion.navarra.es\/web\/wp-json\/wp\/v2\/comments?post=144"}],"version-history":[{"count":1,"href":"https:\/\/cpmurchante.educacion.navarra.es\/web\/wp-json\/wp\/v2\/posts\/144\/revisions"}],"predecessor-version":[{"id":145,"href":"https:\/\/cpmurchante.educacion.navarra.es\/web\/wp-json\/wp\/v2\/posts\/144\/revisions\/145"}],"wp:attachment":[{"href":"https:\/\/cpmurchante.educacion.navarra.es\/web\/wp-json\/wp\/v2\/media?parent=144"}],"wp:term":[{"taxonomy":"category","embeddable":true,"href":"https:\/\/cpmurchante.educacion.navarra.es\/web\/wp-json\/wp\/v2\/categories?post=144"},{"taxonomy":"post_tag","embeddable":true,"href":"https:\/\/cpmurchante.educacion.navarra.es\/web\/wp-json\/wp\/v2\/tags?post=144"}],"curies":[{"name":"wp","href":"https:\/\/api.w.org\/{rel}","templated":true}]}}